{"id":780,"date":"2025-11-11T16:16:41","date_gmt":"2025-11-11T15:16:41","guid":{"rendered":"https:\/\/stay2grow.de\/?p=780"},"modified":"2025-11-11T16:31:37","modified_gmt":"2025-11-11T15:31:37","slug":"stay2grow-auftaktforum-mobilisiert-fuer-integration-internationaler-talente","status":"publish","type":"post","link":"https:\/\/stay2grow.de\/en\/stay2grow-auftaktforum-mobilisiert-fuer-integration-internationaler-talente\/","title":{"rendered":"STAY2GROW: Kick-off event mobilises for the integration of international talents"},"content":{"rendered":"<div data-elementor-type=\"wp-post\" data-elementor-id=\"780\" class=\"elementor elementor-780\" data-elementor-post-type=\"post\">\n\t\t\t\t<div class=\"elementor-element elementor-element-74f0c e-flex e-con-boxed e-con e-parent\" data-id=\"74f0c\" data-element_type=\"container\" data-e-type=\"container\">\n\t\t\t\t\t<div class=\"e-con-inner\">\n\t\t\t\t<div class=\"elementor-element elementor-element-32dbf5ff elementor-widget elementor-widget-text-editor\" data-id=\"32dbf5ff\" data-element_type=\"widget\" data-e-type=\"widget\" data-widget_type=\"text-editor.default\">\n\t\t\t\t\t\t\t\t\t<p>On 29 October, the STAY2GROW project, funded by the Federal Ministry for Economic Affairs and Energy, held a  public launch event at the Schirrhof in Kamp-Lintfort to initiate ideas for the holistic integration of international students and to make securing skilled workers in the wir4 region \u2013 Moers, Kamp-Lintfort, Neukirchen-Vluyn and Rheinberg. Almost 100 participants from regional companies, Rhine-Waal University of Applied Sciences, employment agencies, associations and initiatives, as well as from the student body itself, followed the call to actively participate in the development of suitable solutions.<\/p>\n<!-- \/wp:paragraph --><!-- wp:paragraph -->\n<p><strong>Holding young international professionals in the region<\/strong><\/p>\n<!-- \/wp:paragraph --><!-- wp:paragraph -->\n<p>Young internationals make up around half of all students at Rhine-Waal University of Applied Sciences. Although the majority of graduates remain in Germany after completing their studies, and most of them stay in North Rhine-Westphalia, this potential pool of young professionals has not yet been fully exploited in the wir4 region. This is exactly where STAY2GROW comes in: the aim is to develop a concept for networking these talented individuals locally at an early stage and in a sustainable manner, attracting them to regional companies and retaining them in the long term.<\/p>\n<!-- \/wp:paragraph --><!-- wp:paragraph -->\n<p>In her welcoming speech, Barbara Drese (SPD), Deputy Mayor of Kamp-Lintfort, emphasised the great potential that lies in working together: \u2018We now have the opportunity to really make a difference. All of us. Together. For the students who want to stay and work here, as well as for the companies that depend on qualified young talent.\u2019<\/p>\n<!-- \/wp:paragraph --><!-- wp:paragraph -->\n<p><strong>Interactive ideas for personal connections and career perspectives in the region<\/strong><\/p>\n<!-- \/wp:paragraph --><!-- wp:paragraph -->\n<p>After a brief introduction to the key findings of the needs assessments conducted among companies and students, the event focused on interactive idea development. The attendees worked in small groups to develop concrete proposals for measures in three key areas of action:<\/p>\n<!-- \/wp:paragraph --><!-- wp:list -->\n<ul class=\"wp-block-list\"><!-- wp:list-item -->\n<li>Social participation: Connecting students more closely with local societies through cultural, sporting and voluntary activities, thereby offering them a social environment.<\/li>\n<!-- \/wp:list-item --><\/ul>\n<!-- \/wp:list --><!-- wp:list -->\n<ul class=\"wp-block-list\"><!-- wp:list-item -->\n<li>Advice: A network that facilitates access to regional companies for students and helps those who drop out of university to find career opportunities.<\/li>\n<!-- \/wp:list-item --><\/ul>\n<!-- \/wp:list --><!-- wp:list -->\n<ul class=\"wp-block-list\"><!-- wp:list-item -->\n<li>Offers for companies: Removing barriers to the employment of international students, for example through cross-company language courses or the establishment of a regional corporate network of \u2018international professionals\u2019.<\/li>\n<\/ul>\n<!-- \/wp:paragraph --><!-- wp:paragraph -->\n<p>\u00a0<\/p>\n<p><strong>Working together for a second project phase<\/strong><\/p>\n<p>The large number of guests and the associated high level of interest in the project confirms that the STAY2GROW team is on the right track. \u2018Today's event shows us that we have clearly struck a chord. We have set the right priorities,\u2019 says Beate Tr\u00e4m, managing director of the wir4-Agentur f\u00fcr Wirtschafts- und Strukturf\u00f6rderung, where the project is being developed.<\/p>\n<!-- \/wp:paragraph --><!-- wp:paragraph -->\n<p>The success of the project and the prospect of further three-year funding for the implementation of the measures depend largely on a strong, sustainable network of regional partners. The kick-off forum has already attracted several new players to join the project. Approaches that the participants now want to develop further together include, for example, the design of a central communication channel that bundles all relevant information on the three topics for students and companies. Another goal is to create a space for students and companies to meet and seek advice. In addition, cultural and sporting activities offered by and for the local communities are to be networked with the university, and new formats are to be created. The participants agreed that language promotion and exchange is a central issue that must be taken into account in all concepts. These ideas will be structured and further developed over the coming months with the participation of all stakeholders.<\/p>\n<!-- \/wp:paragraph --><!-- wp:paragraph -->\n<p>STAY2GROW invites all interested parties \u2013 students, companies, associations, initiatives and citizens \u2013 to actively participate in shaping this important project to secure professionals in the wir4 region.<\/p>\n<!-- \/wp:paragraph --><!-- wp:paragraph -->\n<p>\u00a0<\/p>\n<!-- \/wp:paragraph --><!-- wp:paragraph -->\n<p><strong>Would you like to get involved, share ideas or become a partner?<\/strong><br \/>Please contact the project management team:<\/p>\n<!-- \/wp:paragraph --><!-- wp:list -->\n<ul class=\"wp-block-list\"><!-- wp:list-item -->\n<li class=\"translation-block\">Jasmin Frischemeier<br><a href=\"mailto:j.frischemeier@wir4.net\" target=\"_self\">j.frischemeier@wir4.net<\/a><\/li>\n<!-- \/wp:list-item --><!-- wp:list-item -->\n<li class=\"translation-block\">Josephine Runge<br><a href=\"mailto:josephine.runge@wir.net\" target=\"_self\">josephine.runge@wir4.net<\/a><\/li>\n<!-- \/wp:list-item --><\/ul>\n<!-- \/wp:list --><!-- wp:gallery {\"linkTo\":\"none\"} -->\n<figure class=\"wp-block-gallery has-nested-images columns-default is-cropped\"><!-- wp:image {\"id\":783,\"sizeSlug\":\"large\",\"linkDestination\":\"none\"} --><!-- \/wp:image --><!-- wp:image {\"id\":784,\"sizeSlug\":\"large\",\"linkDestination\":\"none\"} --><!-- \/wp:image --><!-- wp:image {\"id\":785,\"sizeSlug\":\"large\",\"linkDestination\":\"none\"} --><!-- \/wp:image --><!-- wp:image {\"id\":786,\"sizeSlug\":\"large\",\"linkDestination\":\"none\"} --><!-- \/wp:image --><\/figure>\n<!-- \/wp:gallery -->\t\t\t\t\t\t\t\t<\/div>\n\t\t\t\t\t<\/div>\n\t\t\t\t<\/div>\n\t\t<div class=\"elementor-element elementor-element-96494b1 e-flex e-con-boxed e-con e-parent\" data-id=\"96494b1\" data-element_type=\"container\" data-e-type=\"container\">\n\t\t\t\t\t<div class=\"e-con-inner\">\n\t\t\t\t<div class=\"elementor-element elementor-element-a4a413c elementor-skin-carousel elementor-arrows-yes elementor-pagination-type-bullets elementor-pagination-position-outside elementor-widget elementor-widget-media-carousel\" data-id=\"a4a413c\" data-element_type=\"widget\" data-e-type=\"widget\" data-settings=\"{&quot;skin&quot;:&quot;carousel&quot;,&quot;effect&quot;:&quot;slide&quot;,&quot;show_arrows&quot;:&quot;yes&quot;,&quot;pagination&quot;:&quot;bullets&quot;,&quot;speed&quot;:500,&quot;autoplay&quot;:&quot;yes&quot;,&quot;autoplay_speed&quot;:5000,&quot;loop&quot;:&quot;yes&quot;,&quot;pause_on_hover&quot;:&quot;yes&quot;,&quot;pause_on_interaction&quot;:&quot;yes&quot;,&quot;space_between&quot;:{&quot;unit&quot;:&quot;px&quot;,&quot;size&quot;:10,&quot;sizes&quot;:[]},&quot;space_between_tablet&quot;:{&quot;unit&quot;:&quot;px&quot;,&quot;size&quot;:10,&quot;sizes&quot;:[]},&quot;space_between_mobile&quot;:{&quot;unit&quot;:&quot;px&quot;,&quot;size&quot;:10,&quot;sizes&quot;:[]}}\" data-widget_type=\"media-carousel.default\">\n\t\t\t\t\t\t\t\t\t\t<div class=\"elementor-main-swiper swiper\" role=\"region\" aria-roledescription=\"carousel\" aria-label=\"Slider\">\n\t\t\t\t<div class=\"swiper-wrapper\">\n\t\t\t\t\t\t\t\t\t\t\t<div class=\"swiper-slide\" role=\"group\" aria-roledescription=\"slide\">\n\t\t\t\t\t\t\t\t\t<div class=\"elementor-carousel-image\" role=\"img\" aria-label=\"Stay2Grow#9\" style=\"background-image: url(&#039;https:\/\/stay2grow.de\/wp-content\/uploads\/2025\/11\/Stay2Grow9-scaled.jpg&#039;)\">\n\n\t\t\t\n\t\t\t\t\t<\/div>\n\t\t\t\t\t\t\t\t<\/div>\n\t\t\t\t\t\t\t\t\t\t\t<div class=\"swiper-slide\" role=\"group\" aria-roledescription=\"slide\">\n\t\t\t\t\t\t\t\t\t<div class=\"elementor-carousel-image\" role=\"img\" aria-label=\"Stay2Grow#11\" style=\"background-image: url(&#039;https:\/\/stay2grow.de\/wp-content\/uploads\/2025\/11\/Stay2Grow11-scaled.jpg&#039;)\">\n\n\t\t\t\n\t\t\t\t\t<\/div>\n\t\t\t\t\t\t\t\t<\/div>\n\t\t\t\t\t\t\t\t\t\t\t<div class=\"swiper-slide\" role=\"group\" aria-roledescription=\"slide\">\n\t\t\t\t\t\t\t\t\t<div class=\"elementor-carousel-image\" role=\"img\" aria-label=\"\" style=\"background-image: url(&#039;https:\/\/stay2grow.de\/wp-content\/uploads\/2025\/11\/Stay2Grow27-scaled.jpg&#039;)\">\n\n\t\t\t\n\t\t\t\t\t<\/div>\n\t\t\t\t\t\t\t\t<\/div>\n\t\t\t\t\t\t\t\t\t\t\t<div class=\"swiper-slide\" role=\"group\" aria-roledescription=\"slide\">\n\t\t\t\t\t\t\t\t\t<div class=\"elementor-carousel-image\" role=\"img\" aria-label=\"Stay2Grow#17\" style=\"background-image: url(&#039;https:\/\/stay2grow.de\/wp-content\/uploads\/2025\/11\/Stay2Grow17-scaled.jpg&#039;)\">\n\n\t\t\t\n\t\t\t\t\t<\/div>\n\t\t\t\t\t\t\t\t<\/div>\n\t\t\t\t\t\t\t\t\t<\/div>\n\t\t\t\t\t\t\t\t\t\t\t\t\t\t\t<div class=\"elementor-swiper-button elementor-swiper-button-prev\" role=\"button\" tabindex=\"0\" aria-label=\"Voriger\">\n\t\t\t\t\t\t\t<svg aria-hidden=\"true\" class=\"e-font-icon-svg e-eicon-chevron-left\" viewbox=\"0 0 1000 1000\" xmlns=\"http:\/\/www.w3.org\/2000\/svg\"><path d=\"M646 125C629 125 613 133 604 142L308 442C296 454 292 471 292 487 292 504 296 521 308 533L604 854C617 867 629 875 646 875 663 875 679 871 692 858 704 846 713 829 713 812 713 796 708 779 692 767L438 487 692 225C700 217 708 204 708 187 708 171 704 154 692 142 675 129 663 125 646 125Z\"><\/path><\/svg>\t\t\t\t\t\t<\/div>\n\t\t\t\t\t\t<div class=\"elementor-swiper-button elementor-swiper-button-next\" role=\"button\" tabindex=\"0\" aria-label=\"N\u00e4chster\">\n\t\t\t\t\t\t\t<svg aria-hidden=\"true\" class=\"e-font-icon-svg e-eicon-chevron-right\" viewbox=\"0 0 1000 1000\" xmlns=\"http:\/\/www.w3.org\/2000\/svg\"><path d=\"M696 533C708 521 713 504 713 487 713 471 708 454 696 446L400 146C388 133 375 125 354 125 338 125 325 129 313 142 300 154 292 171 292 187 292 204 296 221 308 233L563 492 304 771C292 783 288 800 288 817 288 833 296 850 308 863 321 871 338 875 354 875 371 875 388 867 400 854L696 533Z\"><\/path><\/svg>\t\t\t\t\t\t<\/div>\n\t\t\t\t\t\t\t\t\t\t\t\t\t\t\t\t<div class=\"swiper-pagination\"><\/div>\n\t\t\t\t\t\t\t\t\t\t\t\t<\/div>\n\t\t\t\t\t\t\t\t<\/div>\n\t\t\t\t\t<\/div>\n\t\t\t\t<\/div>\n\t\t\t\t<\/div>","protected":false},"excerpt":{"rendered":"<p>Am 29. Oktober fand das von vom Bundesministerium f\u00fcr Wirtschaft und Energie gef\u00f6rderte Projekt STAY2GROW einen wegweisenden \u00f6ffentlichen Auftakt im Schirrhof in Kamp-Lintfort, um Impulse f\u00fcr eine ganzheitliche Integration internationaler Studierender zu setzen und die Fachkr\u00e4ftesicherung in der wir4-Region \u2013 Moers, Kamp-Lintfort, Neukirchen-Vluyn und Rheinberg \u2013 nachhaltig zu gestalten. Fast 100 Teilnehmende aus regionalen Unternehmen, [&hellip;]<\/p>\n","protected":false},"author":3,"featured_media":782,"comment_status":"open","ping_status":"open","sticky":false,"template":"","format":"standard","meta":{"footnotes":""},"categories":[1],"tags":[],"class_list":["post-780","post","type-post","status-publish","format-standard","has-post-thumbnail","hentry","category-uncategorized"],"_links":{"self":[{"href":"https:\/\/stay2grow.de\/en\/wp-json\/wp\/v2\/posts\/780","targetHints":{"allow":["GET"]}}],"collection":[{"href":"https:\/\/stay2grow.de\/en\/wp-json\/wp\/v2\/posts"}],"about":[{"href":"https:\/\/stay2grow.de\/en\/wp-json\/wp\/v2\/types\/post"}],"author":[{"embeddable":true,"href":"https:\/\/stay2grow.de\/en\/wp-json\/wp\/v2\/users\/3"}],"replies":[{"embeddable":true,"href":"https:\/\/stay2grow.de\/en\/wp-json\/wp\/v2\/comments?post=780"}],"version-history":[{"count":11,"href":"https:\/\/stay2grow.de\/en\/wp-json\/wp\/v2\/posts\/780\/revisions"}],"predecessor-version":[{"id":801,"href":"https:\/\/stay2grow.de\/en\/wp-json\/wp\/v2\/posts\/780\/revisions\/801"}],"wp:featuredmedia":[{"embeddable":true,"href":"https:\/\/stay2grow.de\/en\/wp-json\/wp\/v2\/media\/782"}],"wp:attachment":[{"href":"https:\/\/stay2grow.de\/en\/wp-json\/wp\/v2\/media?parent=780"}],"wp:term":[{"taxonomy":"category","embeddable":true,"href":"https:\/\/stay2grow.de\/en\/wp-json\/wp\/v2\/categories?post=780"},{"taxonomy":"post_tag","embeddable":true,"href":"https:\/\/stay2grow.de\/en\/wp-json\/wp\/v2\/tags?post=780"}],"curies":[{"name":"wp","href":"https:\/\/api.w.org\/{rel}","templated":true}]}}